{"id":18654,"date":"2026-09-03T17:39:25","date_gmt":"2026-09-03T15:39:25","guid":{"rendered":"https:\/\/wildfire.se\/?p=18654"},"modified":"2026-09-03T18:06:57","modified_gmt":"2026-09-03T16:06:57","slug":"kulturen-sitter-i-det-vi-gor-om-och-om-igen","status":"publish","type":"post","link":"https:\/\/wildfire.se\/en\/2026\/09\/kulturen-sitter-i-det-vi-gor-om-och-om-igen\/","title":{"rendered":"Kulturen sitter i det vi g\u00f6r om och om igen"},"content":{"rendered":"<p><\/p>\n\n\n\n<p>Efter sommaren \u00e4r det m\u00e5nga av oss som faktiskt l\u00e4ngtar tillbaka till rutinerna.<\/p>\n\n\n\n<p>Under semestern har vardagen kanske sett helt annorlunda ut. Vi sover lite l\u00e4ngre, \u00e4ter n\u00e4r vi \u00e4r hungriga, tr\u00e4nar n\u00e4r det passar (om alls) och dagarna har f\u00e5tt en helt annan rytm. Och ofta \u00e4r det precis vad vi beh\u00f6ver.<\/p>\n\n\n\n<p>Men s\u00e5 b\u00f6rjar jobbet igen. M\u00f6tena kommer tillbaka. Tr\u00e4ningen f\u00e5r sina fasta tider. Och pl\u00f6tsligt vet vi igen vad som ska h\u00e4nda, n\u00e4r det ska h\u00e4nda och vem som g\u00f6r vad. Det \u00e4r ganska sk\u00f6nt.<\/p>\n\n\n\n<p>Rutiner skapar trygghet och f\u00f6ruts\u00e4gbarhet. Men p\u00e5 en arbetsplats g\u00f6r de n\u00e5got mer:&nbsp;<strong>de formar kulturen.<\/strong><\/p>\n\n\n\n<div class=\"wp-block-columns is-layout-flex wp-container-core-columns-is-layout-cd8976b7 wp-block-columns-is-layout-flex\" style=\"padding-top:200;padding-right:200;padding-bottom:200;padding-left:200\">\n<div class=\"wp-block-column is-layout-flow wp-block-column-is-layout-flow\" style=\"flex-basis:100%\">\n<div class=\"wp-block-group is-nowrap is-layout-flex wp-container-core-group-is-layout-95a49c51 wp-block-group-is-layout-flex\" style=\"padding-top:20px;padding-right:20px;padding-bottom:20px;padding-left:20px\"><\/div>\n<\/div>\n<\/div>\n\n\n\n<p><\/p>\n\n\n\n<h2 class=\"wp-block-heading\">Det vi g\u00f6r om och om igen blir det normala<\/h2>\n\n\n\n<p>P\u00e5 en arbetsplats finns en massa saker vi g\u00f6r utan att t\u00e4nka s\u00e4rskilt mycket p\u00e5 dem. Vissa \u00e4r rutiner. Andra kan vi kalla <strong>ritualer<\/strong> \u2013 \u00e5terkommande s\u00e4tt att g\u00f6ra saker tillsammans som med tiden f\u00e5r en betydelse.<\/p>\n\n\n\n<p>Vem fattar beslut?<br>Vem f\u00e5r komma till tals?<br>Vad pratar vi om p\u00e5 v\u00e5ra m\u00f6ten?<br>Vad h\u00e4nder n\u00e4r n\u00e5gon kommer med en ny id\u00e9?<\/p>\n\n\n\n<p>Det \u00e4r i de d\u00e4r vardagliga beteendena som kulturen blir synlig.<\/p>\n\n\n\n<p>Om alla beslut g\u00e5r via chefen l\u00e4r vi oss att det \u00e4r s\u00e5 beslut fattas. Om nya id\u00e9er alltid beh\u00f6ver f\u00f6rankras i flera led l\u00e4r vi oss hur mycket risktagande som egentligen \u00e4r \u00f6nskat.<\/p>\n\n\n\n<p><strong>Det vi g\u00f6r om och om igen blir till slut det normala. Och det normala formar kulturen.<\/strong><\/p>\n\n\n\n<p><\/p>\n\n\n\n<div class=\"wp-block-group is-nowrap is-layout-flex wp-container-core-group-is-layout-95a49c51 wp-block-group-is-layout-flex\" style=\"padding-top:20px;padding-right:20px;padding-bottom:20px;padding-left:20px\"><\/div>\n\n\n\n<h2 class=\"wp-block-heading\">Men vad h\u00e4nder n\u00e4r vi vill n\u00e5got annat?<\/h2>\n\n\n\n<p>H\u00e4r blir det intressant.<br>F\u00f6r en organisation kan s\u00e4ga att den vill ha mer ansvar, mer nyt\u00e4nkande eller mer l\u00e5ngsiktighet \u2013 samtidigt som vardagen forts\u00e4tter att signalera n\u00e5got annat.<\/p>\n\n\n\n<p>Vi vill ha mer sj\u00e4lvst\u00e4ndighet, men besluten ska fortfarande godk\u00e4nnas av chefen.<br>Vi vill uppmuntra nyt\u00e4nkande, men v\u00e5ra m\u00f6ten och processer ser likadana ut som de alltid har gjort.<br>Det \u00e4r allts\u00e5 inte konstigt om f\u00f6r\u00e4ndringen g\u00e5r tr\u00f6gt.<\/p>\n\n\n\n<p><strong>M\u00e4nniskor p\u00e5verkas inte bara av vad organisationen s\u00e4ger. Vi p\u00e5verkas av det vi m\u00f6ter varje dag.<\/strong><\/p>\n\n\n\n<div class=\"wp-block-group is-nowrap is-layout-flex wp-container-core-group-is-layout-95a49c51 wp-block-group-is-layout-flex\" style=\"padding-top:20px;padding-right:20px;padding-bottom:20px;padding-left:20px\"><\/div>\n\n\n\n<h2 class=\"wp-block-heading\">S\u00e5 vad beh\u00f6ver vi g\u00f6ra annorlunda?<\/h2>\n\n\n\n<p>Vi tror inte att l\u00f6sningen \u00e4r att kasta ut alla rutiner. Tv\u00e4rtom. Bra rutiner frig\u00f6r energi och skapar tydlighet. Men n\u00e4r vi vill f\u00f6r\u00e4ndra kulturen beh\u00f6ver vi ocks\u00e5 titta p\u00e5 v\u00e5ra\u00a0<strong>ritualer<\/strong>\u00a0\u2013 det vi g\u00f6r \u00e5terkommande och tillsammans.<\/p>\n\n\n\n<p>F\u00f6r vilka beteenden vill vi se mer av?<br>Och vilka ritualer kan hj\u00e4lpa oss att f\u00f6rst\u00e4rka dem?<\/p>\n\n\n\n<p>Det kan handla om hur vi leder m\u00f6ten, fattar beslut, f\u00f6ljer upp, ger feedback, skapar utrymme f\u00f6r nya perspektiv \u2013&nbsp;<strong>eller hur vi m\u00f6ter varandra i vardagen.<\/strong><\/p>\n\n\n\n<p>Och h\u00e4r finns en viktig po\u00e4ng:<\/p>\n\n\n\n<p><strong>V\u00e4rderingar \u00e4r l\u00e4ttare att leva efter n\u00e4r de blir verb.<\/strong><\/p>\n\n\n\n<p>Inte bara ord p\u00e5 en v\u00e4gg, utan n\u00e5got vi faktiskt g\u00f6r.<\/p>\n\n\n\n<p>Vad betyder &#8221;mod&#8221; i ett m\u00f6te?<br>Hur ser &#8221;nyfikenhet&#8221; ut n\u00e4r vi fattar beslut?<br>Vad g\u00f6r vi n\u00e4r vi s\u00e4ger att &#8221;tillsammans&#8221; \u00e4r viktigt?<\/p>\n\n\n\n<p>Det \u00e4r d\u00e5 v\u00e4rderingarna b\u00f6rjar g\u00f6ra skillnad p\u00e5 riktigt.<\/p>\n\n\n\n<div class=\"wp-block-group is-nowrap is-layout-flex wp-container-core-group-is-layout-95a49c51 wp-block-group-is-layout-flex\" style=\"padding-top:20px;padding-right:20px;padding-bottom:20px;padding-left:20px\"><\/div>\n\n\n\n<h2 class=\"wp-block-heading\">Kulturf\u00f6rflyttning h\u00e4nder i vardagen<\/h2>\n\n\n\n<p>Kultur f\u00f6r\u00e4ndras inte f\u00f6r att vi best\u00e4mmer oss f\u00f6r att ha en ny kultur.<br>Den f\u00f6r\u00e4ndras n\u00e4r nya beteenden f\u00e5r plats i vardagen \u2013 och upprepas tills de k\u00e4nns naturliga.<\/p>\n\n\n\n<p>Det \u00e4r d\u00e4rf\u00f6r vi p\u00e5 Wildfire gillar att koppla ihop&nbsp;<strong>beteenden, v\u00e4rderingar och ritualer<\/strong>.<\/p>\n\n\n\n<p>F\u00f6r n\u00e4r vi g\u00f6r kultur konkret blir det ocks\u00e5 m\u00f6jligt att f\u00f6r\u00e4ndra den.<\/p>\n\n\n\n<p>Och ibland kan resultatet faktiskt \u00f6verraska.<\/p>\n\n\n\n<p><strong>Strategin visar vart vi vill. Kulturen p\u00e5verkar hur vi agerar. Och det vi g\u00f6r om och om igen \u00e4r med och formar kulturen \u2013 varje dag.<\/strong><\/p>\n\n\n\n<figure class=\"wp-block-image size-full\"><img fetchpriority=\"high\" decoding=\"async\" width=\"660\" height=\"440\" src=\"https:\/\/wildfire.se\/wp-content\/uploads\/2026\/09\/Repeat.png\" alt=\"\" class=\"wp-image-18656\" srcset=\"https:\/\/wildfire.se\/wp-content\/uploads\/2026\/09\/Repeat.png 660w, https:\/\/wildfire.se\/wp-content\/uploads\/2026\/09\/Repeat-300x200.png 300w, https:\/\/wildfire.se\/wp-content\/uploads\/2026\/09\/Repeat-18x12.png 18w\" sizes=\"(max-width: 660px) 100vw, 660px\" \/><\/figure>","protected":false},"excerpt":{"rendered":"<p>Efter sommaren \u00e4r det m\u00e5nga av oss som faktiskt l\u00e4ngtar tillbaka till rutinerna. Under semestern har vardagen kanske sett helt annorlunda ut. Vi sover lite l\u00e4ngre, \u00e4ter n\u00e4r vi \u00e4r hungriga, tr\u00e4nar n\u00e4r det passar (om alls) och dagarna har f\u00e5tt en helt annan rytm. Och ofta \u00e4r det precis vad vi beh\u00f6ver. Men s\u00e5 [&hellip;]<\/p>","protected":false},"author":10,"featured_media":18656,"comment_status":"open","ping_status":"open","sticky":false,"template":"","format":"standard","meta":{"_seopress_robots_primary_cat":"none","_seopress_titles_title":"","_seopress_titles_desc":"","_seopress_robots_index":"","footnotes":""},"categories":[3],"tags":[],"class_list":["post-18654","post","type-post","status-publish","format-standard","has-post-thumbnail","hentry","category-foretagskultur"],"_links":{"self":[{"href":"https:\/\/wildfire.se\/en\/wp-json\/wp\/v2\/posts\/18654","targetHints":{"allow":["GET"]}}],"collection":[{"href":"https:\/\/wildfire.se\/en\/wp-json\/wp\/v2\/posts"}],"about":[{"href":"https:\/\/wildfire.se\/en\/wp-json\/wp\/v2\/types\/post"}],"author":[{"embeddable":true,"href":"https:\/\/wildfire.se\/en\/wp-json\/wp\/v2\/users\/10"}],"replies":[{"embeddable":true,"href":"https:\/\/wildfire.se\/en\/wp-json\/wp\/v2\/comments?post=18654"}],"version-history":[{"count":11,"href":"https:\/\/wildfire.se\/en\/wp-json\/wp\/v2\/posts\/18654\/revisions"}],"predecessor-version":[{"id":18673,"href":"https:\/\/wildfire.se\/en\/wp-json\/wp\/v2\/posts\/18654\/revisions\/18673"}],"wp:featuredmedia":[{"embeddable":true,"href":"https:\/\/wildfire.se\/en\/wp-json\/wp\/v2\/media\/18656"}],"wp:attachment":[{"href":"https:\/\/wildfire.se\/en\/wp-json\/wp\/v2\/media?parent=18654"}],"wp:term":[{"taxonomy":"category","embeddable":true,"href":"https:\/\/wildfire.se\/en\/wp-json\/wp\/v2\/categories?post=18654"},{"taxonomy":"post_tag","embeddable":true,"href":"https:\/\/wildfire.se\/en\/wp-json\/wp\/v2\/tags?post=18654"}],"curies":[{"name":"wp","href":"https:\/\/api.w.org\/{rel}","templated":true}]}}