{"id":18190,"date":"2025-09-05T09:12:05","date_gmt":"2025-09-05T07:12:05","guid":{"rendered":"https:\/\/wildfire.se\/?p=18190"},"modified":"2025-10-10T11:36:43","modified_gmt":"2025-10-10T09:36:43","slug":"mini-tribe-2025-nov","status":"publish","type":"post","link":"https:\/\/wildfire.se\/en\/2025\/09\/mini-tribe-2025-nov\/","title":{"rendered":"Workshop: Storytelling f\u00f6r att bygga kultur"},"content":{"rendered":"<p><strong>Att leda handlar inte bara om att s\u00e4tta m\u00e5l och f\u00f6lja upp resultat. Det handlar om att f\u00e5 m\u00e4nniskor att vilja vara med p\u00e5 resan. Och det kr\u00e4ver mer \u00e4n strategidokument och KPI:er \u2013 det kr\u00e4ver en ber\u00e4ttelse som engagerar.<\/strong><\/p>\n\n\n\n<p>I Wildfires Mini Tribe november f\u00e5r du utforska hur storytelling kan bli ett konkret verktyg i ditt ledarskap. Hur du kan anv\u00e4nda dramaturgins logik f\u00f6r att skapa riktning, mening och energi i organisationen.<\/p>\n\n\n\n<div style=\"height:37px\" aria-hidden=\"true\" class=\"wp-block-spacer\"><\/div>\n\n\n\n<h2 class=\"wp-block-heading\">D\u00e4rf\u00f6r \u00e4r storytelling relevant f\u00f6r dig som ledare<\/h2>\n\n\n\n<p><\/p>\n\n\n\n<ul class=\"wp-block-list\">\n<li>Den hj\u00e4lper dig&nbsp;f\u00f6rklara komplexa beslut&nbsp;p\u00e5 ett s\u00e4tt som m\u00e4nniskor f\u00f6rst\u00e5r och k\u00e4nner igen sig i.<\/li>\n\n\n\n<li>Den g\u00f6r det m\u00f6jligt att&nbsp;bygga kultur och engagemang&nbsp;bortom policies och processer.<\/li>\n\n\n\n<li>Den skapar&nbsp;sammanhang och mening&nbsp;i f\u00f6r\u00e4ndring \u2013 n\u00e5got siffror och presentationer s\u00e4llan lyckas med.<\/li>\n<\/ul>\n\n\n\n<p>Under eftermiddagen kommer du att:<\/p>\n\n\n\n<ul class=\"wp-block-list\">\n<li>F\u00e5 en tydlig modell f\u00f6r hur ber\u00e4ttelser byggs upp och varf\u00f6r de fungerar.<\/li>\n\n\n\n<li>Testa hur du kan v\u00e4va in storytelling i kommunikation, f\u00f6r\u00e4ndringsarbete och kulturbyggande.<\/li>\n\n\n\n<li>\u00d6vers\u00e4tta dina egna erfarenheter till ber\u00e4ttelser som engagerar andra.<\/li>\n\n\n\n<li>F\u00e5 med dig verktyg som g\u00e5r att anv\u00e4nda direkt i ditt ledarskap.<\/li>\n<\/ul>\n\n\n\n<p>En eftermiddag f\u00f6r b\u00e5de tanke och handling<\/p>\n\n\n\n<p>Vi blandar inspiration, praktiska \u00f6vningar och diskussioner med andra ledare som ocks\u00e5 vill bygga kultur med mening. Efter\u00e5t forts\u00e4tter samtalen under ett avslappnat mingel. <\/p>\n\n\n\n<div style=\"height:75px\" aria-hidden=\"true\" class=\"wp-block-spacer\"><\/div>\n\n\n\n<div class=\"wp-block-columns is-layout-flex wp-container-core-columns-is-layout-28f84493 wp-block-columns-is-layout-flex\">\n<div class=\"wp-block-column is-layout-flow wp-block-column-is-layout-flow\">\n<figure class=\"wp-block-image size-large\"><img fetchpriority=\"high\" decoding=\"async\" width=\"1024\" height=\"524\" src=\"https:\/\/wildfire.se\/wp-content\/uploads\/2025\/09\/Skarmavbild-2025-09-05-kl.-09.03.36-1024x524.png\" alt=\"\" class=\"wp-image-18191\" srcset=\"https:\/\/wildfire.se\/wp-content\/uploads\/2025\/09\/Skarmavbild-2025-09-05-kl.-09.03.36-1024x524.png 1024w, https:\/\/wildfire.se\/wp-content\/uploads\/2025\/09\/Skarmavbild-2025-09-05-kl.-09.03.36-300x153.png 300w, https:\/\/wildfire.se\/wp-content\/uploads\/2025\/09\/Skarmavbild-2025-09-05-kl.-09.03.36-768x393.png 768w, https:\/\/wildfire.se\/wp-content\/uploads\/2025\/09\/Skarmavbild-2025-09-05-kl.-09.03.36-1536x785.png 1536w, https:\/\/wildfire.se\/wp-content\/uploads\/2025\/09\/Skarmavbild-2025-09-05-kl.-09.03.36-2048x1047.png 2048w, https:\/\/wildfire.se\/wp-content\/uploads\/2025\/09\/Skarmavbild-2025-09-05-kl.-09.03.36-18x9.png 18w\" sizes=\"(max-width: 1024px) 100vw, 1024px\" \/><\/figure>\n<\/div>\n<\/div>\n\n\n\n<p><strong>Se filmen fr\u00e5n f\u00f6rra mini TRIBE<\/strong><\/p>\n\n\n\n<figure class=\"wp-block-embed is-type-video is-provider-vimeo wp-block-embed-vimeo wp-embed-aspect-16-9 wp-has-aspect-ratio\"><div class=\"wp-block-embed__wrapper\">\n<iframe title=\"Mini TRIBE 2024maj21\" src=\"https:\/\/player.vimeo.com\/video\/951855535?h=b2ab682cca&amp;dnt=1&amp;app_id=122963\" width=\"800\" height=\"450\" frameborder=\"0\" allow=\"autoplay; fullscreen; picture-in-picture; clipboard-write; encrypted-media; web-share\" referrerpolicy=\"strict-origin-when-cross-origin\"><\/iframe>\n<\/div><\/figure>\n\n\n\n<p><\/p>\n\n\n\n<div class=\"wp-block-columns is-layout-flex wp-container-core-columns-is-layout-28f84493 wp-block-columns-is-layout-flex\">\n<div class=\"wp-block-column is-layout-flow wp-block-column-is-layout-flow\">\n<p><strong><strong>STOCKHOLM<\/strong><\/strong><\/p>\n\n\n\n<p><strong>Datum<\/strong>: 6 november<br><strong>Tid<\/strong>: 16:00-19:00 + mingel till 20.00<br><strong>Plats <\/strong>Blasieholmen 4<\/p>\n<\/div>\n<\/div>\n\n\n\n<div class=\"wp-block-buttons is-layout-flex wp-block-buttons-is-layout-flex\">\n<div class=\"wp-block-button\"><a class=\"wp-block-button__link has-white-color has-text-color has-background wp-element-button\" href=\"https:\/\/wildfire.activehosted.com\/f\/148\" style=\"border-radius:100px;background-color:#d6a461\" target=\"_blank\" rel=\"noreferrer noopener\">Boka plats<\/a><\/div>\n<\/div>\n\n\n\n<br>\n\n\n\n<p><strong>G\u00d6TEBORG<\/strong><\/p>\n\n\n\n<p><strong>Datum<\/strong>: 12 november<br><strong>Tid<\/strong>: 16:00-19:00 + mingel till 20.00<br><strong>Plats <\/strong>Stora Nygatan 31, 411 08 G\u00f6teborg<\/p>\n\n\n\n<div class=\"wp-block-buttons is-layout-flex wp-block-buttons-is-layout-flex\">\n<div class=\"wp-block-button\"><a class=\"wp-block-button__link has-white-color has-text-color has-background wp-element-button\" href=\"https:\/\/wildfire.activehosted.com\/f\/146\" style=\"border-radius:100px;background-color:#d6a461\" target=\"_blank\" rel=\"noreferrer noopener\">Boka plats<\/a><\/div>\n<\/div>\n\n\n\n<br>","protected":false},"excerpt":{"rendered":"<p>Att leda handlar inte bara om att s\u00e4tta m\u00e5l och f\u00f6lja upp resultat. Det handlar om att f\u00e5 m\u00e4nniskor att vilja vara med p\u00e5 resan. Och det kr\u00e4ver mer \u00e4n strategidokument och KPI:er \u2013 det kr\u00e4ver en ber\u00e4ttelse som engagerar. I Wildfires Mini Tribe november f\u00e5r du utforska hur storytelling kan bli ett konkret verktyg [&hellip;]<\/p>","protected":false},"author":2,"featured_media":18193,"comment_status":"closed","ping_status":"open","sticky":false,"template":"","format":"standard","meta":{"_seopress_robots_primary_cat":"none","_seopress_titles_title":"","_seopress_titles_desc":"","_seopress_robots_index":"","footnotes":""},"categories":[17],"tags":[],"class_list":["post-18190","post","type-post","status-publish","format-standard","has-post-thumbnail","hentry","category-seminarier-inspiration"],"_links":{"self":[{"href":"https:\/\/wildfire.se\/en\/wp-json\/wp\/v2\/posts\/18190","targetHints":{"allow":["GET"]}}],"collection":[{"href":"https:\/\/wildfire.se\/en\/wp-json\/wp\/v2\/posts"}],"about":[{"href":"https:\/\/wildfire.se\/en\/wp-json\/wp\/v2\/types\/post"}],"author":[{"embeddable":true,"href":"https:\/\/wildfire.se\/en\/wp-json\/wp\/v2\/users\/2"}],"replies":[{"embeddable":true,"href":"https:\/\/wildfire.se\/en\/wp-json\/wp\/v2\/comments?post=18190"}],"version-history":[{"count":8,"href":"https:\/\/wildfire.se\/en\/wp-json\/wp\/v2\/posts\/18190\/revisions"}],"predecessor-version":[{"id":18359,"href":"https:\/\/wildfire.se\/en\/wp-json\/wp\/v2\/posts\/18190\/revisions\/18359"}],"wp:featuredmedia":[{"embeddable":true,"href":"https:\/\/wildfire.se\/en\/wp-json\/wp\/v2\/media\/18193"}],"wp:attachment":[{"href":"https:\/\/wildfire.se\/en\/wp-json\/wp\/v2\/media?parent=18190"}],"wp:term":[{"taxonomy":"category","embeddable":true,"href":"https:\/\/wildfire.se\/en\/wp-json\/wp\/v2\/categories?post=18190"},{"taxonomy":"post_tag","embeddable":true,"href":"https:\/\/wildfire.se\/en\/wp-json\/wp\/v2\/tags?post=18190"}],"curies":[{"name":"wp","href":"https:\/\/api.w.org\/{rel}","templated":true}]}}